{"id":12396,"date":"2026-08-27T07:52:07","date_gmt":"2026-08-27T07:52:07","guid":{"rendered":"https:\/\/gimm.pt\/news\/nuclear-speckles-novas-pistas-sobre-como-o-nucleo-organiza-a-expressao-dos-genes\/"},"modified":"2026-08-27T07:55:45","modified_gmt":"2026-08-27T07:55:45","slug":"nuclear-speckles-novas-pistas-sobre-como-o-nucleo-organiza-a-expressao-dos-genes","status":"publish","type":"news","link":"https:\/\/gimm.pt\/pt-pt\/not\u00edcias\/nuclear-speckles-novas-pistas-sobre-como-o-nucleo-organiza-a-expressao-dos-genes\/","title":{"rendered":"Nuclear speckles: novas pistas sobre como o n\u00facleo organiza a express\u00e3o dos genes"},"content":{"rendered":"\n<p><strong>Investigadores do GIMM analisam os avan\u00e7os mais recentes no conhecimento sobre os nuclear speckles, estruturas do n\u00facleo celular que est\u00e3o a revelar um papel muito mais ativo na forma como a informa\u00e7\u00e3o gen\u00e9tica \u00e9 processada.<\/strong><\/p>\n\n<p>Durante muito tempo, os nuclear speckles foram vistos sobretudo como locais onde a c\u00e9lula concentrava e armazenava mol\u00e9culas necess\u00e1rias ao processamento do RNA. Hoje, essa vis\u00e3o est\u00e1 a mudar.<\/p>\n\n<p>Num novo artigo de revis\u00e3o, \u2018Nuclear speckles: New insights into structure and function\u2019, publicado na <em>Current Opinion in Structural Biology<\/em>, Andr\u00e9 Ventura-Gomes, Rui Sousa-Lu\u00eds e Maria Carmo-Fonseca, investigadores do GIMM, re\u00fanem os avan\u00e7os mais recentes sobre a estrutura e fun\u00e7\u00e3o destes condensados biomoleculares e mostram como est\u00e3o a emergir como importantes centros de regula\u00e7\u00e3o da express\u00e3o dos genes.<\/p>\n\n<div style=\"height:20px\" aria-hidden=\"true\" class=\"wp-block-spacer\"><\/div>\n\n<p><strong>Quando a localiza\u00e7\u00e3o dentro da c\u00e9lula faz a diferen\u00e7a<\/strong><\/p>\n\n<p>Quando um gene \u00e9 ativado, a informa\u00e7\u00e3o contida no DNA \u00e9 primeiro copiada para uma mol\u00e9cula precursora de RNA. Antes de poder desempenhar a sua fun\u00e7\u00e3o, esta mol\u00e9cula precisa de passar por v\u00e1rias etapas de processamento.<\/p>\n\n<p>Uma delas \u00e9 o splicing, processo atrav\u00e9s do qual determinadas sequ\u00eancias, chamadas intr\u00f5es, s\u00e3o removidas e as restantes partes do RNA s\u00e3o unidas para formar uma mol\u00e9cula madura.<\/p>\n\n<p>A investiga\u00e7\u00e3o dos \u00faltimos anos mostra que a localiza\u00e7\u00e3o dos genes dentro do n\u00facleo pode influenciar a efici\u00eancia deste processo. Genes localizados mais perto dos nuclear speckles t\u00eam maior acesso aos componentes celulares envolvidos no splicing, favorecendo um processamento mais eficiente do RNA.<\/p>\n\n<p>Este efeito parece ser particularmente importante para genes que cont\u00eam intr\u00f5es curtos e ricos em guanina e citosina, duas das quatro bases que constituem o DNA.<\/p>\n\n<div style=\"height:20px\" aria-hidden=\"true\" class=\"wp-block-spacer\"><\/div>\n\n<p><strong>Muito mais do que simples \u201creservat\u00f3rios\u201d<\/strong><\/p>\n\n<p>Os avan\u00e7os nas t\u00e9cnicas de imagem e nos estudos biof\u00edsicos tamb\u00e9m permitiram perceber que os nuclear speckles s\u00e3o estruturas muito mais complexas do que se pensava.<\/p>\n\n<p>Em vez de condensados uniformes, apresentam uma organiza\u00e7\u00e3o interna altamente estruturada, formada atrav\u00e9s de m\u00faltiplas intera\u00e7\u00f5es entre prote\u00ednas e mol\u00e9culas de RNA. Esta organiza\u00e7\u00e3o permite concentrar diferentes componentes da maquinaria celular no local e no momento em que s\u00e3o necess\u00e1rios.<\/p>\n\n<p>E o seu papel n\u00e3o termina no splicing. A evid\u00eancia reunida pelos investigadores mostra que os nuclear speckles est\u00e3o envolvidos em diferentes fases da vida do RNA, desde o seu processamento e controlo de qualidade at\u00e9 \u00e0 reten\u00e7\u00e3o de mol\u00e9culas que ainda n\u00e3o est\u00e3o prontas e \u00e0 posterior exporta\u00e7\u00e3o do RNA maduro do n\u00facleo para o citoplasma.<\/p>\n\n<div style=\"height:20px\" aria-hidden=\"true\" class=\"wp-block-spacer\"><\/div>\n\n<p><strong>Repensar a organiza\u00e7\u00e3o do n\u00facleo<\/strong><\/p>\n\n<p>Estas descobertas est\u00e3o a transformar a forma como os cientistas olham para a organiza\u00e7\u00e3o do n\u00facleo celular. Mais do que simplesmente ocupar diferentes espa\u00e7os, a posi\u00e7\u00e3o dos genes e das estruturas que os rodeiam pode contribuir ativamente para determinar como a informa\u00e7\u00e3o gen\u00e9tica \u00e9 utilizada pelas c\u00e9lulas.<\/p>\n\n<p>Persistem, contudo, muitas quest\u00f5es. Altera\u00e7\u00f5es na organiza\u00e7\u00e3o dos nuclear speckles t\u00eam sido associadas a v\u00e1rias doen\u00e7as, incluindo doen\u00e7as neurodegenerativas, mas ainda \u00e9 necess\u00e1rio compreender de que forma estas altera\u00e7\u00f5es contribuem para o desenvolvimento da doen\u00e7a.<\/p>\n\n<p>Ao reunir o conhecimento mais recente nesta \u00e1rea, a revis\u00e3o de Andr\u00e9 Ventura-Gomes, Rui Sousa-Lu\u00eds e Maria Carmo-Fonseca destaca os nuclear speckles como elementos centrais na coordena\u00e7\u00e3o do processamento do RNA e da express\u00e3o dos genes, abrindo novas quest\u00f5es sobre a rela\u00e7\u00e3o entre a arquitetura do n\u00facleo, a fun\u00e7\u00e3o celular e a doen\u00e7a.<\/p>\n","protected":false},"featured_media":12395,"comment_status":"open","ping_status":"closed","template":"","news_category":[39],"news_tag":[],"publications":[],"publication_date":[],"acf":[],"_links":{"self":[{"href":"https:\/\/gimm.pt\/pt-pt\/wp-json\/wp\/v2\/news\/12396"}],"collection":[{"href":"https:\/\/gimm.pt\/pt-pt\/wp-json\/wp\/v2\/news"}],"about":[{"href":"https:\/\/gimm.pt\/pt-pt\/wp-json\/wp\/v2\/types\/news"}],"replies":[{"embeddable":true,"href":"https:\/\/gimm.pt\/pt-pt\/wp-json\/wp\/v2\/comments?post=12396"}],"wp:featuredmedia":[{"embeddable":true,"href":"https:\/\/gimm.pt\/pt-pt\/wp-json\/wp\/v2\/media\/12395"}],"wp:attachment":[{"href":"https:\/\/gimm.pt\/pt-pt\/wp-json\/wp\/v2\/media?parent=12396"}],"wp:term":[{"taxonomy":"news_category","embeddable":true,"href":"https:\/\/gimm.pt\/pt-pt\/wp-json\/wp\/v2\/news_category?post=12396"},{"taxonomy":"news_tag","embeddable":true,"href":"https:\/\/gimm.pt\/pt-pt\/wp-json\/wp\/v2\/news_tag?post=12396"},{"taxonomy":"publications","embeddable":true,"href":"https:\/\/gimm.pt\/pt-pt\/wp-json\/wp\/v2\/publications?post=12396"},{"taxonomy":"publication_date","embeddable":true,"href":"https:\/\/gimm.pt\/pt-pt\/wp-json\/wp\/v2\/publication_date?post=12396"}],"curies":[{"name":"wp","href":"https:\/\/api.w.org\/{rel}","templated":true}]}}