{"id":2752,"date":"2025-01-06T14:57:25","date_gmt":"2025-01-06T14:57:25","guid":{"rendered":"https:\/\/gimm.pt\/?post_type=news&#038;p=2752"},"modified":"2025-01-06T15:22:26","modified_gmt":"2025-01-06T15:22:26","slug":"a-legacy-for-breast-cancer-research","status":"publish","type":"news","link":"https:\/\/gimm.pt\/pt-pt\/not\u00edcias\/a-legacy-for-breast-cancer-research\/","title":{"rendered":"Um Legado para a Investiga\u00e7\u00e3o em Cancro da Mama"},"content":{"rendered":"\n<p>Movida por um profundo sentido de solidariedade, e acreditando que cada um pode deixar uma marca importante no mundo, Ana L\u00e1zaro destinou parte da sua heran\u00e7a \u00e0 ci\u00eancia, com uma doa\u00e7\u00e3o ao Instituto de Medicina Molecular.&nbsp;<\/p>\n\n\n\n<p>Ana L\u00e1zaro nasceu em 1933, filha do pintor portugu\u00eas Bonif\u00e1cio L\u00e1zaro Lozano. Ana, nascida em Portugal mas tamb\u00e9m com nacionalidade espanhola, vive os primeiros anos em Lisboa, mudando-se com a fam\u00edlia para Madrid onde prossegue a sua carreira na dan\u00e7a. Primeiro como bailarina e mais tarde como core\u00f3grafa e professora de dan\u00e7a, tendo encabe\u00e7ado a primeira c\u00e1tedra de Dan\u00e7a Cl\u00e1ssica na Real Escuela Superior de Arte Dram\u00e1tico y Danza. Ana L\u00e1zaro teve um papel importante na divulga\u00e7\u00e3o da dan\u00e7a cl\u00e1ssica, onde teve programas de aulas de ballet na televis\u00e3o espanhola e at\u00e9 mesmo um document\u00e1rio sobre a hist\u00f3ria da dan\u00e7a. Pela sua escola passaram nomes importantes da dan\u00e7a espanhola como Nazaret Panadero, ou Virginia Valero, diretora do Conservat\u00f3rio Superior de Dan\u00e7a de Madrid.&nbsp;<\/p>\n\n\n\n<p>Morreu em 2021 em Madrid, aos 87 anos de idade.&nbsp;<\/p>\n\n\n\n<p>O legado de Ana L\u00e1zaro constituiu a base do laborat\u00f3rio dedicado a investigar o cancro da mama avan\u00e7ado e que neste momento faz parte do GIMM CARE e \u00e9 denominado por Advanced Breast Cancer Translational Laboratory.&nbsp;<\/p>\n\n\n\n<p>Esta Hist\u00f3ria \u00e9 um exemplo de como qualquer cidad\u00e3o pode fazer parte deste projeto e gerar impacto na investiga\u00e7\u00e3o em cancro da mama.<\/p>\n\n\n<div class=\"wp-block-image\">\n<figure class=\"aligncenter size-full\"><img loading=\"lazy\" decoding=\"async\" width=\"768\" height=\"1024\" src=\"https:\/\/gimm.pt\/wp-content\/uploads\/2024\/12\/WhatsApp-Image-2021-08-25-at-18.00.21-768x1024-1.jpeg\" alt=\"\" class=\"wp-image-2749\" srcset=\"https:\/\/gimm.pt\/wp-content\/uploads\/2024\/12\/WhatsApp-Image-2021-08-25-at-18.00.21-768x1024-1.jpeg 768w, https:\/\/gimm.pt\/wp-content\/uploads\/2024\/12\/WhatsApp-Image-2021-08-25-at-18.00.21-768x1024-1-225x300.jpeg 225w\" sizes=\"(max-width: 768px) 100vw, 768px\" \/><\/figure><\/div>","protected":false},"featured_media":2749,"comment_status":"open","ping_status":"closed","template":"","news_category":[],"news_tag":[],"publications":[],"publication_date":[],"acf":[],"_links":{"self":[{"href":"https:\/\/gimm.pt\/pt-pt\/wp-json\/wp\/v2\/news\/2752"}],"collection":[{"href":"https:\/\/gimm.pt\/pt-pt\/wp-json\/wp\/v2\/news"}],"about":[{"href":"https:\/\/gimm.pt\/pt-pt\/wp-json\/wp\/v2\/types\/news"}],"replies":[{"embeddable":true,"href":"https:\/\/gimm.pt\/pt-pt\/wp-json\/wp\/v2\/comments?post=2752"}],"wp:featuredmedia":[{"embeddable":true,"href":"https:\/\/gimm.pt\/pt-pt\/wp-json\/wp\/v2\/media\/2749"}],"wp:attachment":[{"href":"https:\/\/gimm.pt\/pt-pt\/wp-json\/wp\/v2\/media?parent=2752"}],"wp:term":[{"taxonomy":"news_category","embeddable":true,"href":"https:\/\/gimm.pt\/pt-pt\/wp-json\/wp\/v2\/news_category?post=2752"},{"taxonomy":"news_tag","embeddable":true,"href":"https:\/\/gimm.pt\/pt-pt\/wp-json\/wp\/v2\/news_tag?post=2752"},{"taxonomy":"publications","embeddable":true,"href":"https:\/\/gimm.pt\/pt-pt\/wp-json\/wp\/v2\/publications?post=2752"},{"taxonomy":"publication_date","embeddable":true,"href":"https:\/\/gimm.pt\/pt-pt\/wp-json\/wp\/v2\/publication_date?post=2752"}],"curies":[{"name":"wp","href":"https:\/\/api.w.org\/{rel}","templated":true}]}}